{"id":5655,"date":"2026-05-26T11:52:06","date_gmt":"2026-05-26T09:52:06","guid":{"rendered":"https:\/\/www.consolatdemar.org\/?p=5655"},"modified":"2026-05-26T11:52:06","modified_gmt":"2026-05-26T09:52:06","slug":"el-consolat-de-mar-y-el-cicac-firman-un-convenio-para-la-promocion-del-catalan-en-el-ambito-juridico","status":"publish","type":"post","link":"https:\/\/www.consolatdemar.org\/es\/el-consolat-de-mar-y-el-cicac-firman-un-convenio-para-la-promocion-del-catalan-en-el-ambito-juridico\/","title":{"rendered":"El Consolat de Mar y el CICAC firman un convenio para la promoci\u00f3n del catal\u00e1n en el \u00e1mbito jur\u00eddico."},"content":{"rendered":"<div>El Consolat de Mar renueva un a\u00f1o m\u00e1s su apoyo al proyecto del CICAC, compendium.cat, para la promoci\u00f3n del catal\u00e1n en el \u00e1mbito jur\u00eddico.<\/div>\n<div>\n<div>La plataforma recoge, entre otros recursos, las cl\u00e1usulas de mediaci\u00f3n y arbitraje del Consolat de Mar redactadas en catal\u00e1n.<\/div>\n<\/div>\n<div>\n<div><\/div>\n<div>En este proyecto participan las principales instituciones del pa\u00eds. Para m\u00e1s informaci\u00f3n, visitar la p\u00e1gina \u2192 Compendium.cat &#8211; Compendium.cat.<\/div>\n<\/div>\n","protected":false},"excerpt":{"rendered":"<p>El Consolat de Mar renueva un a\u00f1o m\u00e1s su apoyo al proyecto del CICAC, compendium.cat, para la promoci\u00f3n del catal\u00e1n en el \u00e1mbito jur\u00eddico. La plataforma recoge, entre otros recursos,&#8230;<\/p>\n","protected":false},"author":4,"featured_media":0,"comment_status":"closed","ping_status":"closed","sticky":false,"template":"","format":"standard","meta":{"footnotes":""},"categories":[55],"tags":[],"class_list":["post-5655","post","type-post","status-publish","format-standard","category-sin-categorizar"],"yoast_head":"<!-- This site is optimized with the Yoast SEO plugin v28.3 - https:\/\/yoast.com\/product\/yoast-seo-wordpress\/ -->\n<title>El Consolat de Mar y el CICAC firman un convenio para la promoci\u00f3n del catal\u00e1n en el \u00e1mbito jur\u00eddico. | Consolat de Mar<\/title>\n<meta name=\"robots\" content=\"index, follow, max-snippet:-1, max-image-preview:large, max-video-preview:-1\" \/>\n<link rel=\"canonical\" href=\"https:\/\/www.consolatdemar.org\/es\/el-consolat-de-mar-y-el-cicac-firman-un-convenio-para-la-promocion-del-catalan-en-el-ambito-juridico\/\" \/>\n<meta property=\"og:locale\" content=\"es_ES\" \/>\n<meta property=\"og:type\" content=\"article\" \/>\n<meta property=\"og:title\" content=\"El Consolat de Mar y el CICAC firman un convenio para la promoci\u00f3n del catal\u00e1n en el \u00e1mbito jur\u00eddico. | Consolat de Mar\" \/>\n<meta property=\"og:description\" content=\"El Consolat de Mar renueva un a\u00f1o m\u00e1s su apoyo al proyecto del CICAC, compendium.cat, para la promoci\u00f3n del catal\u00e1n en el \u00e1mbito jur\u00eddico. La plataforma recoge, entre otros recursos,...\" \/>\n<meta property=\"og:url\" content=\"https:\/\/www.consolatdemar.org\/es\/el-consolat-de-mar-y-el-cicac-firman-un-convenio-para-la-promocion-del-catalan-en-el-ambito-juridico\/\" \/>\n<meta property=\"og:site_name\" content=\"Consolat de Mar\" \/>\n<meta property=\"article:published_time\" content=\"2026-05-26T09:52:06+00:00\" \/>\n<meta name=\"author\" content=\"Sandra March\" \/>\n<meta name=\"twitter:card\" content=\"summary_large_image\" \/>\n<meta name=\"twitter:label1\" content=\"Escrito por\" \/>\n\t<meta name=\"twitter:data1\" content=\"Sandra March\" \/>\n\t<meta name=\"twitter:label2\" content=\"Tiempo de lectura\" \/>\n\t<meta name=\"twitter:data2\" content=\"1 minuto\" \/>\n<script type=\"application\/ld+json\" class=\"yoast-schema-graph\">{\"@context\":\"https:\\\/\\\/schema.org\",\"@graph\":[{\"@type\":\"Article\",\"@id\":\"https:\\\/\\\/www.consolatdemar.org\\\/es\\\/el-consolat-de-mar-y-el-cicac-firman-un-convenio-para-la-promocion-del-catalan-en-el-ambito-juridico\\\/#article\",\"isPartOf\":{\"@id\":\"https:\\\/\\\/www.consolatdemar.org\\\/es\\\/el-consolat-de-mar-y-el-cicac-firman-un-convenio-para-la-promocion-del-catalan-en-el-ambito-juridico\\\/\"},\"author\":{\"name\":\"Sandra March\",\"@id\":\"https:\\\/\\\/www.consolatdemar.org\\\/#\\\/schema\\\/person\\\/809d25155ad9c758e67b16e82760f815\"},\"headline\":\"El Consolat de Mar y el CICAC firman un convenio para la promoci\u00f3n del catal\u00e1n en el \u00e1mbito jur\u00eddico.\",\"datePublished\":\"2026-05-26T09:52:06+00:00\",\"mainEntityOfPage\":{\"@id\":\"https:\\\/\\\/www.consolatdemar.org\\\/es\\\/el-consolat-de-mar-y-el-cicac-firman-un-convenio-para-la-promocion-del-catalan-en-el-ambito-juridico\\\/\"},\"wordCount\":98,\"publisher\":{\"@id\":\"https:\\\/\\\/www.consolatdemar.org\\\/#organization\"},\"articleSection\":[\"Sin categorizar\"],\"inLanguage\":\"es\"},{\"@type\":\"WebPage\",\"@id\":\"https:\\\/\\\/www.consolatdemar.org\\\/es\\\/el-consolat-de-mar-y-el-cicac-firman-un-convenio-para-la-promocion-del-catalan-en-el-ambito-juridico\\\/\",\"url\":\"https:\\\/\\\/www.consolatdemar.org\\\/es\\\/el-consolat-de-mar-y-el-cicac-firman-un-convenio-para-la-promocion-del-catalan-en-el-ambito-juridico\\\/\",\"name\":\"El Consolat de Mar y el CICAC firman un convenio para la promoci\u00f3n del catal\u00e1n en el \u00e1mbito jur\u00eddico. | Consolat de Mar\",\"isPartOf\":{\"@id\":\"https:\\\/\\\/www.consolatdemar.org\\\/#website\"},\"datePublished\":\"2026-05-26T09:52:06+00:00\",\"breadcrumb\":{\"@id\":\"https:\\\/\\\/www.consolatdemar.org\\\/es\\\/el-consolat-de-mar-y-el-cicac-firman-un-convenio-para-la-promocion-del-catalan-en-el-ambito-juridico\\\/#breadcrumb\"},\"inLanguage\":\"es\",\"potentialAction\":[{\"@type\":\"ReadAction\",\"target\":[\"https:\\\/\\\/www.consolatdemar.org\\\/es\\\/el-consolat-de-mar-y-el-cicac-firman-un-convenio-para-la-promocion-del-catalan-en-el-ambito-juridico\\\/\"]}]},{\"@type\":\"BreadcrumbList\",\"@id\":\"https:\\\/\\\/www.consolatdemar.org\\\/es\\\/el-consolat-de-mar-y-el-cicac-firman-un-convenio-para-la-promocion-del-catalan-en-el-ambito-juridico\\\/#breadcrumb\",\"itemListElement\":[{\"@type\":\"ListItem\",\"position\":1,\"name\":\"Inici\",\"item\":\"https:\\\/\\\/www.consolatdemar.org\\\/es\\\/\"},{\"@type\":\"ListItem\",\"position\":2,\"name\":\"El Consolat de Mar y el CICAC firman un convenio para la promoci\u00f3n del catal\u00e1n en el \u00e1mbito jur\u00eddico.\"}]},{\"@type\":\"WebSite\",\"@id\":\"https:\\\/\\\/www.consolatdemar.org\\\/#website\",\"url\":\"https:\\\/\\\/www.consolatdemar.org\\\/\",\"name\":\"Consolat de Mar\",\"description\":\"Servei de resoluci\u00f3 de conflictes\",\"publisher\":{\"@id\":\"https:\\\/\\\/www.consolatdemar.org\\\/#organization\"},\"potentialAction\":[{\"@type\":\"SearchAction\",\"target\":{\"@type\":\"EntryPoint\",\"urlTemplate\":\"https:\\\/\\\/www.consolatdemar.org\\\/?s={search_term_string}\"},\"query-input\":{\"@type\":\"PropertyValueSpecification\",\"valueRequired\":true,\"valueName\":\"search_term_string\"}}],\"inLanguage\":\"es\"},{\"@type\":\"Organization\",\"@id\":\"https:\\\/\\\/www.consolatdemar.org\\\/#organization\",\"name\":\"Consolat de Mar\",\"url\":\"https:\\\/\\\/www.consolatdemar.org\\\/\",\"logo\":{\"@type\":\"ImageObject\",\"inLanguage\":\"es\",\"@id\":\"https:\\\/\\\/www.consolatdemar.org\\\/#\\\/schema\\\/logo\\\/image\\\/\",\"url\":\"https:\\\/\\\/www.consolatdemar.org\\\/wp-content\\\/uploads\\\/2020\\\/05\\\/logo-color.png\",\"contentUrl\":\"https:\\\/\\\/www.consolatdemar.org\\\/wp-content\\\/uploads\\\/2020\\\/05\\\/logo-color.png\",\"width\":450,\"height\":120,\"caption\":\"Consolat de Mar\"},\"image\":{\"@id\":\"https:\\\/\\\/www.consolatdemar.org\\\/#\\\/schema\\\/logo\\\/image\\\/\"}},{\"@type\":\"Person\",\"@id\":\"https:\\\/\\\/www.consolatdemar.org\\\/#\\\/schema\\\/person\\\/809d25155ad9c758e67b16e82760f815\",\"name\":\"Sandra March\",\"image\":{\"@type\":\"ImageObject\",\"inLanguage\":\"es\",\"@id\":\"https:\\\/\\\/secure.gravatar.com\\\/avatar\\\/1792638356de273c361ed45dc06e41b4553d5d1021f5360a1121379183c49ff2?s=96&d=mm&r=g\",\"url\":\"https:\\\/\\\/secure.gravatar.com\\\/avatar\\\/1792638356de273c361ed45dc06e41b4553d5d1021f5360a1121379183c49ff2?s=96&d=mm&r=g\",\"contentUrl\":\"https:\\\/\\\/secure.gravatar.com\\\/avatar\\\/1792638356de273c361ed45dc06e41b4553d5d1021f5360a1121379183c49ff2?s=96&d=mm&r=g\",\"caption\":\"Sandra March\"}}]}<\/script>\n<!-- \/ Yoast SEO plugin. -->","yoast_head_json":{"title":"El Consolat de Mar y el CICAC firman un convenio para la promoci\u00f3n del catal\u00e1n en el \u00e1mbito jur\u00eddico. | Consolat de Mar","robots":{"index":"index","follow":"follow","max-snippet":"max-snippet:-1","max-image-preview":"max-image-preview:large","max-video-preview":"max-video-preview:-1"},"canonical":"https:\/\/www.consolatdemar.org\/es\/el-consolat-de-mar-y-el-cicac-firman-un-convenio-para-la-promocion-del-catalan-en-el-ambito-juridico\/","og_locale":"es_ES","og_type":"article","og_title":"El Consolat de Mar y el CICAC firman un convenio para la promoci\u00f3n del catal\u00e1n en el \u00e1mbito jur\u00eddico. | Consolat de Mar","og_description":"El Consolat de Mar renueva un a\u00f1o m\u00e1s su apoyo al proyecto del CICAC, compendium.cat, para la promoci\u00f3n del catal\u00e1n en el \u00e1mbito jur\u00eddico. La plataforma recoge, entre otros recursos,...","og_url":"https:\/\/www.consolatdemar.org\/es\/el-consolat-de-mar-y-el-cicac-firman-un-convenio-para-la-promocion-del-catalan-en-el-ambito-juridico\/","og_site_name":"Consolat de Mar","article_published_time":"2026-05-26T09:52:06+00:00","author":"Sandra March","twitter_card":"summary_large_image","twitter_misc":{"Escrito por":"Sandra March","Tiempo de lectura":"1 minuto"},"schema":{"@context":"https:\/\/schema.org","@graph":[{"@type":"Article","@id":"https:\/\/www.consolatdemar.org\/es\/el-consolat-de-mar-y-el-cicac-firman-un-convenio-para-la-promocion-del-catalan-en-el-ambito-juridico\/#article","isPartOf":{"@id":"https:\/\/www.consolatdemar.org\/es\/el-consolat-de-mar-y-el-cicac-firman-un-convenio-para-la-promocion-del-catalan-en-el-ambito-juridico\/"},"author":{"name":"Sandra March","@id":"https:\/\/www.consolatdemar.org\/#\/schema\/person\/809d25155ad9c758e67b16e82760f815"},"headline":"El Consolat de Mar y el CICAC firman un convenio para la promoci\u00f3n del catal\u00e1n en el \u00e1mbito jur\u00eddico.","datePublished":"2026-05-26T09:52:06+00:00","mainEntityOfPage":{"@id":"https:\/\/www.consolatdemar.org\/es\/el-consolat-de-mar-y-el-cicac-firman-un-convenio-para-la-promocion-del-catalan-en-el-ambito-juridico\/"},"wordCount":98,"publisher":{"@id":"https:\/\/www.consolatdemar.org\/#organization"},"articleSection":["Sin categorizar"],"inLanguage":"es"},{"@type":"WebPage","@id":"https:\/\/www.consolatdemar.org\/es\/el-consolat-de-mar-y-el-cicac-firman-un-convenio-para-la-promocion-del-catalan-en-el-ambito-juridico\/","url":"https:\/\/www.consolatdemar.org\/es\/el-consolat-de-mar-y-el-cicac-firman-un-convenio-para-la-promocion-del-catalan-en-el-ambito-juridico\/","name":"El Consolat de Mar y el CICAC firman un convenio para la promoci\u00f3n del catal\u00e1n en el \u00e1mbito jur\u00eddico. | Consolat de Mar","isPartOf":{"@id":"https:\/\/www.consolatdemar.org\/#website"},"datePublished":"2026-05-26T09:52:06+00:00","breadcrumb":{"@id":"https:\/\/www.consolatdemar.org\/es\/el-consolat-de-mar-y-el-cicac-firman-un-convenio-para-la-promocion-del-catalan-en-el-ambito-juridico\/#breadcrumb"},"inLanguage":"es","potentialAction":[{"@type":"ReadAction","target":["https:\/\/www.consolatdemar.org\/es\/el-consolat-de-mar-y-el-cicac-firman-un-convenio-para-la-promocion-del-catalan-en-el-ambito-juridico\/"]}]},{"@type":"BreadcrumbList","@id":"https:\/\/www.consolatdemar.org\/es\/el-consolat-de-mar-y-el-cicac-firman-un-convenio-para-la-promocion-del-catalan-en-el-ambito-juridico\/#breadcrumb","itemListElement":[{"@type":"ListItem","position":1,"name":"Inici","item":"https:\/\/www.consolatdemar.org\/es\/"},{"@type":"ListItem","position":2,"name":"El Consolat de Mar y el CICAC firman un convenio para la promoci\u00f3n del catal\u00e1n en el \u00e1mbito jur\u00eddico."}]},{"@type":"WebSite","@id":"https:\/\/www.consolatdemar.org\/#website","url":"https:\/\/www.consolatdemar.org\/","name":"Consolat de Mar","description":"Servei de resoluci\u00f3 de conflictes","publisher":{"@id":"https:\/\/www.consolatdemar.org\/#organization"},"potentialAction":[{"@type":"SearchAction","target":{"@type":"EntryPoint","urlTemplate":"https:\/\/www.consolatdemar.org\/?s={search_term_string}"},"query-input":{"@type":"PropertyValueSpecification","valueRequired":true,"valueName":"search_term_string"}}],"inLanguage":"es"},{"@type":"Organization","@id":"https:\/\/www.consolatdemar.org\/#organization","name":"Consolat de Mar","url":"https:\/\/www.consolatdemar.org\/","logo":{"@type":"ImageObject","inLanguage":"es","@id":"https:\/\/www.consolatdemar.org\/#\/schema\/logo\/image\/","url":"https:\/\/www.consolatdemar.org\/wp-content\/uploads\/2020\/05\/logo-color.png","contentUrl":"https:\/\/www.consolatdemar.org\/wp-content\/uploads\/2020\/05\/logo-color.png","width":450,"height":120,"caption":"Consolat de Mar"},"image":{"@id":"https:\/\/www.consolatdemar.org\/#\/schema\/logo\/image\/"}},{"@type":"Person","@id":"https:\/\/www.consolatdemar.org\/#\/schema\/person\/809d25155ad9c758e67b16e82760f815","name":"Sandra March","image":{"@type":"ImageObject","inLanguage":"es","@id":"https:\/\/secure.gravatar.com\/avatar\/1792638356de273c361ed45dc06e41b4553d5d1021f5360a1121379183c49ff2?s=96&d=mm&r=g","url":"https:\/\/secure.gravatar.com\/avatar\/1792638356de273c361ed45dc06e41b4553d5d1021f5360a1121379183c49ff2?s=96&d=mm&r=g","contentUrl":"https:\/\/secure.gravatar.com\/avatar\/1792638356de273c361ed45dc06e41b4553d5d1021f5360a1121379183c49ff2?s=96&d=mm&r=g","caption":"Sandra March"}}]}},"_links":{"self":[{"href":"https:\/\/www.consolatdemar.org\/es\/wp-json\/wp\/v2\/posts\/5655","targetHints":{"allow":["GET"]}}],"collection":[{"href":"https:\/\/www.consolatdemar.org\/es\/wp-json\/wp\/v2\/posts"}],"about":[{"href":"https:\/\/www.consolatdemar.org\/es\/wp-json\/wp\/v2\/types\/post"}],"author":[{"embeddable":true,"href":"https:\/\/www.consolatdemar.org\/es\/wp-json\/wp\/v2\/users\/4"}],"replies":[{"embeddable":true,"href":"https:\/\/www.consolatdemar.org\/es\/wp-json\/wp\/v2\/comments?post=5655"}],"version-history":[{"count":1,"href":"https:\/\/www.consolatdemar.org\/es\/wp-json\/wp\/v2\/posts\/5655\/revisions"}],"predecessor-version":[{"id":5656,"href":"https:\/\/www.consolatdemar.org\/es\/wp-json\/wp\/v2\/posts\/5655\/revisions\/5656"}],"wp:attachment":[{"href":"https:\/\/www.consolatdemar.org\/es\/wp-json\/wp\/v2\/media?parent=5655"}],"wp:term":[{"taxonomy":"category","embeddable":true,"href":"https:\/\/www.consolatdemar.org\/es\/wp-json\/wp\/v2\/categories?post=5655"},{"taxonomy":"post_tag","embeddable":true,"href":"https:\/\/www.consolatdemar.org\/es\/wp-json\/wp\/v2\/tags?post=5655"}],"curies":[{"name":"wp","href":"https:\/\/api.w.org\/{rel}","templated":true}]}}